{"id":3431,"date":"2023-09-04T14:00:00","date_gmt":"2023-09-04T21:00:00","guid":{"rendered":"http:\/\/kidworksoc.org\/agosto-2023-voluntario-del-mes-stephan-buddy-joe\/"},"modified":"2023-08-08T14:03:20","modified_gmt":"2023-08-08T21:03:20","slug":"agosto-2023-voluntario-del-mes-stephan-buddy-joe","status":"publish","type":"post","link":"https:\/\/kidworksoc.org\/es\/agosto-2023-voluntario-del-mes-stephan-buddy-joe\/","title":{"rendered":"Agosto 2023 &#8216;Voluntario del Mes&#8217;: Stephan \u00abBuddy\u00bb Joe"},"content":{"rendered":"\n<div class=\"wp-block-columns is-style-no-gap is-layout-flex wp-container-core-columns-is-layout-28f84493 wp-block-columns-is-layout-flex\">\n<div class=\"wp-block-column is-layout-flow wp-block-column-is-layout-flow\">\n<p>Un reciente lunes de finales de junio, casi 100 alumnos de los cursos de preescolar a quinto se reunieron durante nuestro programa de verano 2023 en el Centro Dan Donahue para cantar una canci\u00f3n de adoraci\u00f3n titulada \u00abFruto del Esp\u00edritu\u00bb. El voluntario Stephan \u00abBuddy\u00bb Joe se uni\u00f3 con tanto entusiasmo como los que alzaban sus voces en se\u00f1al de alabanza.<\/p>\n\n\n\n<p>Lo que probablemente no sab\u00edan los alumnos era que nuestro \u00abVoluntario del mes\u00bb de agosto hab\u00eda estado trabajando muchas horas entre bastidores, decorando, montando, preparando la distribuci\u00f3n de aperitivos y mucho m\u00e1s para que la experiencia veraniega creara recuerdos para toda la vida.<\/p>\n\n\n\n<p>Tambi\u00e9n ayud\u00f3 con anuncios, juegos y otras actividades durante el programa de verano del 19 de junio al 14 de julio.<\/p>\n<\/div>\n\n\n\n<div class=\"wp-block-column is-style-sticky is-layout-flow wp-block-column-is-layout-flow\">\n<figure class=\"wp-block-image aligncenter size-large is-resized\"><img decoding=\"async\" src=\"http:\/\/kidworksoc.org\/wp-content\/uploads\/2023\/08\/Unknown-2-1200x1600.jpeg\" alt=\"\" class=\"wp-image-3421\" width=\"325\" height=\"400\"\/><\/figure>\n<\/div>\n<\/div>\n\n<div class=\"wp-block-columns is-layout-flex wp-container-core-columns-is-layout-28f84493 wp-block-columns-is-layout-flex\">\n<div class=\"wp-block-column is-layout-flow wp-block-column-is-layout-flow\">\n<figure class=\"wp-block-image size-large is-resized\"><img decoding=\"async\" src=\"http:\/\/kidworksoc.org\/wp-content\/uploads\/2023\/08\/tempImagesIcp8l-1-1200x1600.jpg\" alt=\"\" class=\"wp-image-3425\" width=\"358\" height=\"477\" srcset=\"https:\/\/kidworksoc.org\/wp-content\/uploads\/2023\/08\/tempImagesIcp8l-1-1200x1600.jpg 1200w, https:\/\/kidworksoc.org\/wp-content\/uploads\/2023\/08\/tempImagesIcp8l-1-960x1280.jpg 960w, https:\/\/kidworksoc.org\/wp-content\/uploads\/2023\/08\/tempImagesIcp8l-1-1080x1440.jpg 1080w, https:\/\/kidworksoc.org\/wp-content\/uploads\/2023\/08\/tempImagesIcp8l-1-1152x1536.jpg 1152w, https:\/\/kidworksoc.org\/wp-content\/uploads\/2023\/08\/tempImagesIcp8l-1-1536x2048.jpg 1536w, https:\/\/kidworksoc.org\/wp-content\/uploads\/2023\/08\/tempImagesIcp8l-1-600x800.jpg 600w, https:\/\/kidworksoc.org\/wp-content\/uploads\/2023\/08\/tempImagesIcp8l-1-scaled.jpg 1920w\" sizes=\"(max-width: 358px) 100vw, 358px\" \/><\/figure>\n<\/div>\n\n\n\n<div class=\"wp-block-column is-layout-flow wp-block-column-is-layout-flow\">\n<p>\u00abBuddy ha trabajado como voluntario casi todos los d\u00edas de nuestro programa de verano y ha permanecido all\u00ed todos los d\u00edas\u00bb, dice David Saucedo, asistente de programas en nuestro Centro Dan Donahue.<\/p>\n\n\n\n<p>A\u00f1ade David: \u00abVerle tan decidido y trabajador a la hora de cumplir los plazos y decorar fue impresionante porque demuestra lo mucho que le importa que la decoraci\u00f3n est\u00e9 bien hecha, pero lo m\u00e1s importante es su dedicaci\u00f3n a nuestros alumnos.\u00bb<\/p>\n\n\n\n<p>Cynthia G\u00f3mez, nuestra Directora de Juventud, dice que Buddy ha sido un voluntario de verano muy apreciado tambi\u00e9n en otros aspectos.<\/p>\n\n\n\n<p>\u00abBuddy ha acompa\u00f1ado a nuestros adolescentes durante nuestras excursiones, ha hecho la merienda y ha llevado el recuento\u00bb, dice Cynthia. \u00abEs muy accesible y tiene un car\u00e1cter muy amable que le ha hecho ganarse la confianza de nuestros alumnos y personal\u00bb.<\/p>\n<\/div>\n<\/div>\n\n<p>Nuestro homenajeado de agosto vive en Window Rock, Arizona, la capital de la Naci\u00f3n Navajo. A sus expensas y con la ayuda econ\u00f3mica de familiares y amigos, ha viajado a California los dos \u00faltimos a\u00f1os, concretamente para apoyar nuestros programas de verano.<\/p>\n\n<p>\u00abPara m\u00ed, lo m\u00e1s gratificante de participar en KidWorks es conocer y entablar relaciones con los ni\u00f1os y divertirme con ellos, ver c\u00f3mo se alegran cuando me ven, hacer nuevos amigos con los dem\u00e1s voluntarios y el personal y experimentar la vida en Santa Ana\u00bb, dice Buddy. \u00abOtra es cuando los chicos se acordaron de m\u00ed de cuando estuve aqu\u00ed el a\u00f1o pasado; eso es algo que no me esperaba\u00bb.<\/p>\n\n<p>Los alumnos hacen saber a Buddy que se le reconoce y aprecia.<\/p>\n\n<div class=\"wp-block-columns is-layout-flex wp-container-core-columns-is-layout-28f84493 wp-block-columns-is-layout-flex\">\n<div class=\"wp-block-column is-layout-flow wp-block-column-is-layout-flow\">\n<p>\u00abUna vez, mientras caminaba de vuelta a mi Airbnb, que est\u00e1 a poca distancia de KidWorks\u00bb, cuenta Buddy. \u00abFue al final del d\u00eda y o\u00ed unas dulces vocecitas que gritaban: \u00ab\u00a1Eh, me acuerdo de ti, te conozco de KidWorks!\u00bb\u00bb.<\/p>\n\n\n\n<p>Y a\u00f1ade: \u00abEra un grupo de unos cuatro o cinco ni\u00f1os que jugaban en su patio. Todos corrieron hacia m\u00ed y empezaron a hablar entusiasmados a la vez. Estuvimos hablando un rato; eso demuestra el impacto que tienen en la comunidad los voluntarios de KidWorks.\u00bb<\/p>\n\n\n\n<p>Es perfectamente natural que Buddy se relacione tan bien con nuestros alumnos. Ha trabajado como profesor de preescolar, ayudante de profesor y ha dirigido clases de educaci\u00f3n f\u00edsica musical y aprendizaje pr\u00e1ctico.<\/p>\n\n\n\n<p>Nuestro homenajeado de agosto es una persona de profunda fe.<\/p>\n\n\n\n<p>\u00abMi fe cat\u00f3lica es de suma importancia para m\u00ed y est\u00e1 entretejida en todo lo que hago\u00bb, dice Buddy. \u00abQuiero vivir mi vida para Cristo y hacer todo lo posible para llevar a los dem\u00e1s hacia \u00c9l de palabra y de obra. Antes de ser voluntaria en KidWorks, no me hab\u00eda dado cuenta de que era una organizaci\u00f3n basada en la fe; \u00a1eso fue una gran ventaja!\u00bb.<\/p>\n<\/div>\n\n\n\n<div class=\"wp-block-column is-layout-flow wp-block-column-is-layout-flow\">\n<figure class=\"wp-block-image size-full\"><img decoding=\"async\" width=\"960\" height=\"1280\" src=\"http:\/\/kidworksoc.org\/wp-content\/uploads\/2023\/08\/Unknown-1.jpeg\" alt=\"\" class=\"wp-image-3427\" srcset=\"https:\/\/kidworksoc.org\/wp-content\/uploads\/2023\/08\/Unknown-1.jpeg 960w, https:\/\/kidworksoc.org\/wp-content\/uploads\/2023\/08\/Unknown-1-600x800.jpeg 600w\" sizes=\"(max-width: 960px) 100vw, 960px\" \/><\/figure>\n<\/div>\n<\/div>\n\n<p>Buddy tambi\u00e9n nos cuenta c\u00f3mo le gusta pasar su tiempo libre.<\/p>\n\n<p>\u00abMe gusta leer cl\u00e1sicos, libros de espiritualidad y libros sobre el funcionamiento interno de las personas\u00bb, dice. \u00abAprendo y practico meditaci\u00f3n y mindfulness\u00bb.<\/p>\n\n<p>Y a\u00f1ade: \u00abMe encanta todo lo que tenga que ver con el aire libre, como el senderismo y la acampada. Me encanta viajar, he estado en Filipinas, Mongolia, la parte \u00e1rtica de Canad\u00e1 y Guatemala, no tanto como turista sino como alguien abierto a compartir la vida con la gente que visito. S\u00e9 lo b\u00e1sico de guitarra, piano, ukelele y viol\u00edn\u00bb.<\/p>\n\n<p>Mientras KidWorks celebra su 30 aniversario, Buddy se une a nosotros para tener grandes sue\u00f1os para nuestro futuro y para la ciudad de Santa Ana.<\/p>\n\n<div class=\"wp-block-columns is-layout-flex wp-container-core-columns-is-layout-28f84493 wp-block-columns-is-layout-flex\">\n<div class=\"wp-block-column is-layout-flow wp-block-column-is-layout-flow\">\n<figure class=\"wp-block-image size-large is-resized\"><img decoding=\"async\" src=\"http:\/\/kidworksoc.org\/wp-content\/uploads\/2023\/08\/Unknown-3-2-1323x1600.jpeg\" alt=\"\" class=\"wp-image-3429\" width=\"477\" height=\"576\" srcset=\"https:\/\/kidworksoc.org\/wp-content\/uploads\/2023\/08\/Unknown-3-2-1323x1600.jpeg 1323w, https:\/\/kidworksoc.org\/wp-content\/uploads\/2023\/08\/Unknown-3-2-1058x1280.jpeg 1058w, https:\/\/kidworksoc.org\/wp-content\/uploads\/2023\/08\/Unknown-3-2-1190x1440.jpeg 1190w, https:\/\/kidworksoc.org\/wp-content\/uploads\/2023\/08\/Unknown-3-2-1270x1536.jpeg 1270w, https:\/\/kidworksoc.org\/wp-content\/uploads\/2023\/08\/Unknown-3-2-600x726.jpeg 600w, https:\/\/kidworksoc.org\/wp-content\/uploads\/2023\/08\/Unknown-3-2.jpeg 1612w\" sizes=\"(max-width: 477px) 100vw, 477px\" \/><\/figure>\n<\/div>\n\n\n\n<div class=\"wp-block-column is-layout-flow wp-block-column-is-layout-flow\">\n<p>\u00abMi esperanza para KidWorks es que siga siendo un faro de luz en Santa Ana y m\u00e1s all\u00e1, expresando activamente el amor por los ni\u00f1os y sus familias\u00bb, dice Buddy. \u00abMi esperanza para Santa Ana es que la comunidad trabaje unida para crear un futuro m\u00e1s seguro, brillante y esperanzador para sus hijos\u00bb.<\/p>\n\n\n\n<p>Con una actitud tan positiva e inspiradora, no es de extra\u00f1ar que Buddy sea el voluntario perfecto de KidWorks.<\/p>\n\n\n\n<div class=\"wp-block-buttons is-content-justification-center is-layout-flex wp-container-core-buttons-is-layout-a89b3969 wp-block-buttons-is-layout-flex\">\n<div class=\"wp-block-button\"><a class=\"wp-block-button__link has-text-align-center wp-element-button\" href=\"http:\/\/kidworksoc.org\/es\/voluntario\/\" target=\"_blank\" rel=\"noreferrer noopener\">Voluntariado en KidWorks<\/a><\/div>\n<\/div>\n<\/div>\n<\/div>\n","protected":false},"excerpt":{"rendered":"<p>Un reciente lunes de finales de junio, casi 100 alumnos de los cursos de preescolar a quinto se reunieron durante nuestro programa de verano 2023 en el Centro Dan Donahue&hellip; <a class=\"more-link\" href=\"https:\/\/kidworksoc.org\/es\/agosto-2023-voluntario-del-mes-stephan-buddy-joe\/\">Siga Leyendo<\/a><\/p>\n","protected":false},"author":6,"featured_media":3424,"comment_status":"closed","ping_status":"closed","sticky":false,"template":"","format":"standard","meta":{"_acf_changed":false,"_searchwp_excluded":"","_monsterinsights_skip_tracking":false,"_monsterinsights_sitenote_active":false,"_monsterinsights_sitenote_note":"","_monsterinsights_sitenote_category":0,"_uf_show_specific_survey":0,"_uf_disable_surveys":false,"footnotes":""},"categories":[67],"tags":[108],"class_list":["post-3431","post","type-post","status-publish","format-standard","has-post-thumbnail","hentry","category-voluntario-del-mes","tag-volunteers-es"],"acf":[],"aioseo_notices":[],"yoast_head":"<!-- This site is optimized with the Yoast SEO plugin v27.5 - https:\/\/yoast.com\/product\/yoast-seo-wordpress\/ -->\n<title>Agosto 2023 &#039;Voluntario del Mes&#039;: Stephan &quot;Buddy&quot; Joe - KidWorks<\/title>\n<meta name=\"robots\" content=\"index, follow, max-snippet:-1, max-image-preview:large, max-video-preview:-1\" \/>\n<link rel=\"canonical\" href=\"https:\/\/kidworksoc.org\/es\/agosto-2023-voluntario-del-mes-stephan-buddy-joe\/\" \/>\n<meta property=\"og:locale\" content=\"es_ES\" \/>\n<meta property=\"og:type\" content=\"article\" \/>\n<meta property=\"og:title\" content=\"Agosto 2023 &#039;Voluntario del Mes&#039;: Stephan &quot;Buddy&quot; Joe - KidWorks\" \/>\n<meta property=\"og:url\" content=\"https:\/\/kidworksoc.org\/es\/agosto-2023-voluntario-del-mes-stephan-buddy-joe\/\" \/>\n<meta property=\"og:site_name\" content=\"KidWorks\" \/>\n<meta property=\"article:publisher\" content=\"https:\/\/www.facebook.com\/kidworkscdc\" \/>\n<meta property=\"article:published_time\" content=\"2023-09-04T21:00:00+00:00\" \/>\n<meta property=\"og:image\" content=\"https:\/\/kidworksoc.org\/wp-content\/uploads\/2023\/08\/tempImagesIcp8l-scaled.jpg\" \/>\n\t<meta property=\"og:image:width\" content=\"1920\" \/>\n\t<meta property=\"og:image:height\" content=\"2560\" \/>\n\t<meta property=\"og:image:type\" content=\"image\/jpeg\" \/>\n<meta name=\"author\" content=\"KidWorks\" \/>\n<meta name=\"twitter:card\" content=\"summary_large_image\" \/>\n<meta name=\"twitter:creator\" content=\"@kidworks\" \/>\n<meta name=\"twitter:site\" content=\"@kidworks\" \/>\n<script type=\"application\/ld+json\" class=\"yoast-schema-graph\">{\"@context\":\"https:\\\/\\\/schema.org\",\"@graph\":[{\"@type\":\"Article\",\"@id\":\"https:\\\/\\\/kidworksoc.org\\\/es\\\/agosto-2023-voluntario-del-mes-stephan-buddy-joe\\\/#article\",\"isPartOf\":{\"@id\":\"https:\\\/\\\/kidworksoc.org\\\/es\\\/agosto-2023-voluntario-del-mes-stephan-buddy-joe\\\/\"},\"author\":{\"name\":\"KidWorks\",\"@id\":\"https:\\\/\\\/kidworksoc.org\\\/es\\\/#\\\/schema\\\/person\\\/40aff51dce0455fa99956e12499c3879\"},\"headline\":\"Agosto 2023 &#8216;Voluntario del Mes&#8217;: Stephan \u00abBuddy\u00bb Joe\",\"datePublished\":\"2023-09-04T21:00:00+00:00\",\"mainEntityOfPage\":{\"@id\":\"https:\\\/\\\/kidworksoc.org\\\/es\\\/agosto-2023-voluntario-del-mes-stephan-buddy-joe\\\/\"},\"wordCount\":822,\"publisher\":{\"@id\":\"https:\\\/\\\/kidworksoc.org\\\/es\\\/#organization\"},\"image\":{\"@id\":\"https:\\\/\\\/kidworksoc.org\\\/es\\\/agosto-2023-voluntario-del-mes-stephan-buddy-joe\\\/#primaryimage\"},\"thumbnailUrl\":\"https:\\\/\\\/kidworksoc.org\\\/wp-content\\\/uploads\\\/2023\\\/08\\\/tempImagesIcp8l-scaled.jpg\",\"keywords\":[\"Volunteers\"],\"articleSection\":[\"Voluntario del mes\"],\"inLanguage\":\"es\"},{\"@type\":\"WebPage\",\"@id\":\"https:\\\/\\\/kidworksoc.org\\\/es\\\/agosto-2023-voluntario-del-mes-stephan-buddy-joe\\\/\",\"url\":\"https:\\\/\\\/kidworksoc.org\\\/es\\\/agosto-2023-voluntario-del-mes-stephan-buddy-joe\\\/\",\"name\":\"Agosto 2023 'Voluntario del Mes': Stephan \\\"Buddy\\\" Joe - KidWorks\",\"isPartOf\":{\"@id\":\"https:\\\/\\\/kidworksoc.org\\\/es\\\/#website\"},\"primaryImageOfPage\":{\"@id\":\"https:\\\/\\\/kidworksoc.org\\\/es\\\/agosto-2023-voluntario-del-mes-stephan-buddy-joe\\\/#primaryimage\"},\"image\":{\"@id\":\"https:\\\/\\\/kidworksoc.org\\\/es\\\/agosto-2023-voluntario-del-mes-stephan-buddy-joe\\\/#primaryimage\"},\"thumbnailUrl\":\"https:\\\/\\\/kidworksoc.org\\\/wp-content\\\/uploads\\\/2023\\\/08\\\/tempImagesIcp8l-scaled.jpg\",\"datePublished\":\"2023-09-04T21:00:00+00:00\",\"breadcrumb\":{\"@id\":\"https:\\\/\\\/kidworksoc.org\\\/es\\\/agosto-2023-voluntario-del-mes-stephan-buddy-joe\\\/#breadcrumb\"},\"inLanguage\":\"es\",\"potentialAction\":[{\"@type\":\"ReadAction\",\"target\":[\"https:\\\/\\\/kidworksoc.org\\\/es\\\/agosto-2023-voluntario-del-mes-stephan-buddy-joe\\\/\"]}]},{\"@type\":\"ImageObject\",\"inLanguage\":\"es\",\"@id\":\"https:\\\/\\\/kidworksoc.org\\\/es\\\/agosto-2023-voluntario-del-mes-stephan-buddy-joe\\\/#primaryimage\",\"url\":\"https:\\\/\\\/kidworksoc.org\\\/wp-content\\\/uploads\\\/2023\\\/08\\\/tempImagesIcp8l-scaled.jpg\",\"contentUrl\":\"https:\\\/\\\/kidworksoc.org\\\/wp-content\\\/uploads\\\/2023\\\/08\\\/tempImagesIcp8l-scaled.jpg\",\"width\":1920,\"height\":2560},{\"@type\":\"BreadcrumbList\",\"@id\":\"https:\\\/\\\/kidworksoc.org\\\/es\\\/agosto-2023-voluntario-del-mes-stephan-buddy-joe\\\/#breadcrumb\",\"itemListElement\":[{\"@type\":\"ListItem\",\"position\":1,\"name\":\"Home\",\"item\":\"https:\\\/\\\/kidworksoc.org\\\/es\\\/\"},{\"@type\":\"ListItem\",\"position\":2,\"name\":\"Agosto 2023 &#8216;Voluntario del Mes&#8217;: Stephan \u00abBuddy\u00bb Joe\"}]},{\"@type\":\"WebSite\",\"@id\":\"https:\\\/\\\/kidworksoc.org\\\/es\\\/#website\",\"url\":\"https:\\\/\\\/kidworksoc.org\\\/es\\\/\",\"name\":\"KidWorks\",\"description\":\"Unleashing Youth Potential\u2122\",\"publisher\":{\"@id\":\"https:\\\/\\\/kidworksoc.org\\\/es\\\/#organization\"},\"potentialAction\":[{\"@type\":\"SearchAction\",\"target\":{\"@type\":\"EntryPoint\",\"urlTemplate\":\"https:\\\/\\\/kidworksoc.org\\\/es\\\/?s={search_term_string}\"},\"query-input\":{\"@type\":\"PropertyValueSpecification\",\"valueRequired\":true,\"valueName\":\"search_term_string\"}}],\"inLanguage\":\"es\"},{\"@type\":\"Organization\",\"@id\":\"https:\\\/\\\/kidworksoc.org\\\/es\\\/#organization\",\"name\":\"KidWorks\",\"url\":\"https:\\\/\\\/kidworksoc.org\\\/es\\\/\",\"logo\":{\"@type\":\"ImageObject\",\"inLanguage\":\"es\",\"@id\":\"https:\\\/\\\/kidworksoc.org\\\/es\\\/#\\\/schema\\\/logo\\\/image\\\/\",\"url\":\"https:\\\/\\\/kidworksoc.org\\\/wp-content\\\/uploads\\\/2023\\\/01\\\/kidworks-anniversary-logo.png\",\"contentUrl\":\"https:\\\/\\\/kidworksoc.org\\\/wp-content\\\/uploads\\\/2023\\\/01\\\/kidworks-anniversary-logo.png\",\"width\":420,\"height\":114,\"caption\":\"KidWorks\"},\"image\":{\"@id\":\"https:\\\/\\\/kidworksoc.org\\\/es\\\/#\\\/schema\\\/logo\\\/image\\\/\"},\"sameAs\":[\"https:\\\/\\\/www.facebook.com\\\/kidworkscdc\",\"https:\\\/\\\/x.com\\\/kidworks\",\"https:\\\/\\\/www.instagram.com\\\/kidworks\\\/\",\"https:\\\/\\\/www.yelp.com\\\/biz\\\/kidworks-santa-ana?osq=kidworks\",\"https:\\\/\\\/www.youtube.com\\\/user\\\/KidWorksCDC\",\"https:\\\/\\\/www.linkedin.com\\\/company\\\/kidworkscdc\"]},{\"@type\":\"Person\",\"@id\":\"https:\\\/\\\/kidworksoc.org\\\/es\\\/#\\\/schema\\\/person\\\/40aff51dce0455fa99956e12499c3879\",\"name\":\"KidWorks\",\"image\":{\"@type\":\"ImageObject\",\"inLanguage\":\"es\",\"@id\":\"https:\\\/\\\/secure.gravatar.com\\\/avatar\\\/a64e155874bd3cc9526dca85d2e8b2d22f147e94203fd25c5fa18e2f2e7a0e51?s=96&d=mm&r=g\",\"url\":\"https:\\\/\\\/secure.gravatar.com\\\/avatar\\\/a64e155874bd3cc9526dca85d2e8b2d22f147e94203fd25c5fa18e2f2e7a0e51?s=96&d=mm&r=g\",\"contentUrl\":\"https:\\\/\\\/secure.gravatar.com\\\/avatar\\\/a64e155874bd3cc9526dca85d2e8b2d22f147e94203fd25c5fa18e2f2e7a0e51?s=96&d=mm&r=g\",\"caption\":\"KidWorks\"}}]}<\/script>\n<!-- \/ Yoast SEO plugin. -->","yoast_head_json":{"title":"Agosto 2023 'Voluntario del Mes': Stephan \"Buddy\" Joe - KidWorks","robots":{"index":"index","follow":"follow","max-snippet":"max-snippet:-1","max-image-preview":"max-image-preview:large","max-video-preview":"max-video-preview:-1"},"canonical":"https:\/\/kidworksoc.org\/es\/agosto-2023-voluntario-del-mes-stephan-buddy-joe\/","og_locale":"es_ES","og_type":"article","og_title":"Agosto 2023 'Voluntario del Mes': Stephan \"Buddy\" Joe - KidWorks","og_url":"https:\/\/kidworksoc.org\/es\/agosto-2023-voluntario-del-mes-stephan-buddy-joe\/","og_site_name":"KidWorks","article_publisher":"https:\/\/www.facebook.com\/kidworkscdc","article_published_time":"2023-09-04T21:00:00+00:00","og_image":[{"width":1920,"height":2560,"url":"https:\/\/kidworksoc.org\/wp-content\/uploads\/2023\/08\/tempImagesIcp8l-scaled.jpg","type":"image\/jpeg"}],"author":"KidWorks","twitter_card":"summary_large_image","twitter_creator":"@kidworks","twitter_site":"@kidworks","schema":{"@context":"https:\/\/schema.org","@graph":[{"@type":"Article","@id":"https:\/\/kidworksoc.org\/es\/agosto-2023-voluntario-del-mes-stephan-buddy-joe\/#article","isPartOf":{"@id":"https:\/\/kidworksoc.org\/es\/agosto-2023-voluntario-del-mes-stephan-buddy-joe\/"},"author":{"name":"KidWorks","@id":"https:\/\/kidworksoc.org\/es\/#\/schema\/person\/40aff51dce0455fa99956e12499c3879"},"headline":"Agosto 2023 &#8216;Voluntario del Mes&#8217;: Stephan \u00abBuddy\u00bb Joe","datePublished":"2023-09-04T21:00:00+00:00","mainEntityOfPage":{"@id":"https:\/\/kidworksoc.org\/es\/agosto-2023-voluntario-del-mes-stephan-buddy-joe\/"},"wordCount":822,"publisher":{"@id":"https:\/\/kidworksoc.org\/es\/#organization"},"image":{"@id":"https:\/\/kidworksoc.org\/es\/agosto-2023-voluntario-del-mes-stephan-buddy-joe\/#primaryimage"},"thumbnailUrl":"https:\/\/kidworksoc.org\/wp-content\/uploads\/2023\/08\/tempImagesIcp8l-scaled.jpg","keywords":["Volunteers"],"articleSection":["Voluntario del mes"],"inLanguage":"es"},{"@type":"WebPage","@id":"https:\/\/kidworksoc.org\/es\/agosto-2023-voluntario-del-mes-stephan-buddy-joe\/","url":"https:\/\/kidworksoc.org\/es\/agosto-2023-voluntario-del-mes-stephan-buddy-joe\/","name":"Agosto 2023 'Voluntario del Mes': Stephan \"Buddy\" Joe - KidWorks","isPartOf":{"@id":"https:\/\/kidworksoc.org\/es\/#website"},"primaryImageOfPage":{"@id":"https:\/\/kidworksoc.org\/es\/agosto-2023-voluntario-del-mes-stephan-buddy-joe\/#primaryimage"},"image":{"@id":"https:\/\/kidworksoc.org\/es\/agosto-2023-voluntario-del-mes-stephan-buddy-joe\/#primaryimage"},"thumbnailUrl":"https:\/\/kidworksoc.org\/wp-content\/uploads\/2023\/08\/tempImagesIcp8l-scaled.jpg","datePublished":"2023-09-04T21:00:00+00:00","breadcrumb":{"@id":"https:\/\/kidworksoc.org\/es\/agosto-2023-voluntario-del-mes-stephan-buddy-joe\/#breadcrumb"},"inLanguage":"es","potentialAction":[{"@type":"ReadAction","target":["https:\/\/kidworksoc.org\/es\/agosto-2023-voluntario-del-mes-stephan-buddy-joe\/"]}]},{"@type":"ImageObject","inLanguage":"es","@id":"https:\/\/kidworksoc.org\/es\/agosto-2023-voluntario-del-mes-stephan-buddy-joe\/#primaryimage","url":"https:\/\/kidworksoc.org\/wp-content\/uploads\/2023\/08\/tempImagesIcp8l-scaled.jpg","contentUrl":"https:\/\/kidworksoc.org\/wp-content\/uploads\/2023\/08\/tempImagesIcp8l-scaled.jpg","width":1920,"height":2560},{"@type":"BreadcrumbList","@id":"https:\/\/kidworksoc.org\/es\/agosto-2023-voluntario-del-mes-stephan-buddy-joe\/#breadcrumb","itemListElement":[{"@type":"ListItem","position":1,"name":"Home","item":"https:\/\/kidworksoc.org\/es\/"},{"@type":"ListItem","position":2,"name":"Agosto 2023 &#8216;Voluntario del Mes&#8217;: Stephan \u00abBuddy\u00bb Joe"}]},{"@type":"WebSite","@id":"https:\/\/kidworksoc.org\/es\/#website","url":"https:\/\/kidworksoc.org\/es\/","name":"KidWorks","description":"Unleashing Youth Potential\u2122","publisher":{"@id":"https:\/\/kidworksoc.org\/es\/#organization"},"potentialAction":[{"@type":"SearchAction","target":{"@type":"EntryPoint","urlTemplate":"https:\/\/kidworksoc.org\/es\/?s={search_term_string}"},"query-input":{"@type":"PropertyValueSpecification","valueRequired":true,"valueName":"search_term_string"}}],"inLanguage":"es"},{"@type":"Organization","@id":"https:\/\/kidworksoc.org\/es\/#organization","name":"KidWorks","url":"https:\/\/kidworksoc.org\/es\/","logo":{"@type":"ImageObject","inLanguage":"es","@id":"https:\/\/kidworksoc.org\/es\/#\/schema\/logo\/image\/","url":"https:\/\/kidworksoc.org\/wp-content\/uploads\/2023\/01\/kidworks-anniversary-logo.png","contentUrl":"https:\/\/kidworksoc.org\/wp-content\/uploads\/2023\/01\/kidworks-anniversary-logo.png","width":420,"height":114,"caption":"KidWorks"},"image":{"@id":"https:\/\/kidworksoc.org\/es\/#\/schema\/logo\/image\/"},"sameAs":["https:\/\/www.facebook.com\/kidworkscdc","https:\/\/x.com\/kidworks","https:\/\/www.instagram.com\/kidworks\/","https:\/\/www.yelp.com\/biz\/kidworks-santa-ana?osq=kidworks","https:\/\/www.youtube.com\/user\/KidWorksCDC","https:\/\/www.linkedin.com\/company\/kidworkscdc"]},{"@type":"Person","@id":"https:\/\/kidworksoc.org\/es\/#\/schema\/person\/40aff51dce0455fa99956e12499c3879","name":"KidWorks","image":{"@type":"ImageObject","inLanguage":"es","@id":"https:\/\/secure.gravatar.com\/avatar\/a64e155874bd3cc9526dca85d2e8b2d22f147e94203fd25c5fa18e2f2e7a0e51?s=96&d=mm&r=g","url":"https:\/\/secure.gravatar.com\/avatar\/a64e155874bd3cc9526dca85d2e8b2d22f147e94203fd25c5fa18e2f2e7a0e51?s=96&d=mm&r=g","contentUrl":"https:\/\/secure.gravatar.com\/avatar\/a64e155874bd3cc9526dca85d2e8b2d22f147e94203fd25c5fa18e2f2e7a0e51?s=96&d=mm&r=g","caption":"KidWorks"}}]}},"_links":{"self":[{"href":"https:\/\/kidworksoc.org\/es\/wp-json\/wp\/v2\/posts\/3431","targetHints":{"allow":["GET"]}}],"collection":[{"href":"https:\/\/kidworksoc.org\/es\/wp-json\/wp\/v2\/posts"}],"about":[{"href":"https:\/\/kidworksoc.org\/es\/wp-json\/wp\/v2\/types\/post"}],"author":[{"embeddable":true,"href":"https:\/\/kidworksoc.org\/es\/wp-json\/wp\/v2\/users\/6"}],"replies":[{"embeddable":true,"href":"https:\/\/kidworksoc.org\/es\/wp-json\/wp\/v2\/comments?post=3431"}],"version-history":[{"count":0,"href":"https:\/\/kidworksoc.org\/es\/wp-json\/wp\/v2\/posts\/3431\/revisions"}],"wp:featuredmedia":[{"embeddable":true,"href":"https:\/\/kidworksoc.org\/es\/wp-json\/wp\/v2\/media\/3424"}],"wp:attachment":[{"href":"https:\/\/kidworksoc.org\/es\/wp-json\/wp\/v2\/media?parent=3431"}],"wp:term":[{"taxonomy":"category","embeddable":true,"href":"https:\/\/kidworksoc.org\/es\/wp-json\/wp\/v2\/categories?post=3431"},{"taxonomy":"post_tag","embeddable":true,"href":"https:\/\/kidworksoc.org\/es\/wp-json\/wp\/v2\/tags?post=3431"}],"curies":[{"name":"wp","href":"https:\/\/api.w.org\/{rel}","templated":true}]}}